{"id":6802,"date":"2023-08-21T09:36:54","date_gmt":"2023-08-21T07:36:54","guid":{"rendered":"https:\/\/www.edlohn.de\/home\/?p=6802"},"modified":"2024-05-15T09:15:36","modified_gmt":"2024-05-15T07:15:36","slug":"die-wiesn-in-muenchen-und-der-wasen-stuttgart-stehen-vor-der-tuer","status":"publish","type":"post","link":"https:\/\/www.edlohn.de\/home\/news\/die-wiesn-in-muenchen-und-der-wasen-stuttgart-stehen-vor-der-tuer\/","title":{"rendered":"Die Wiesn in M\u00fcnchen und der Wasen Stuttgart stehen vor der T\u00fcr"},"content":{"rendered":"<p>Mit Ende der Sommerferien beginnt die <strong>Zeit der Volksfeste<\/strong> im ganzen Land. Mit <strong>edlohn<\/strong> werden die Mitarbeiter eines <strong>Wiesn-Zeltes<\/strong> in M\u00fcnchen, aber auch <strong>diverse kleinere Festzelte<\/strong> in der ganzen Republik abgerechnet.<\/p>\n<p>F\u00fcr <strong>kurzfristig Besch\u00e4ftigte mit Steuerklasse 6<\/strong> hat der Gesetzgeber eine <strong>Sonderregelung<\/strong> geschaffen. Arbeitgeber d\u00fcrfen unter bestimmten Voraussetzungen einen sog. permanenten Lohnsteuerjahresausgleich durchf\u00fchren. Die Regelung gilt f\u00fcr Arbeitnehmer, die nur gelegentlich &#8211; <strong>nicht regelm\u00e4\u00dfig wiederkehrend<\/strong> &#8211; besch\u00e4ftigt werden. Zudem darf die Dauer der Besch\u00e4ftigung h\u00f6chstens 24 aufeinander folgende Arbeitstage betragen und es darf kein Freibetrag zu ber\u00fccksichtigen sein.<\/p>\n<p>Voraussetzung f\u00fcr die Anwendung des Verfahrens ist eine schriftliche Zustimmungserkl\u00e4rung des <strong>Arbeitnehmers<\/strong> vor Aufnahme der Besch\u00e4ftigung<\/p>\n<ul class=\"markdown__list\">\n<li>unter Angabe seiner <strong>Identifikationsnummer (IdNr.)<\/strong><\/li>\n<li>unter Angabe des aus den vorangegangenen Arbeitsverh\u00e4ltnissen im Kalenderjahr einzubeziehenden <strong>Arbeitslohns und der darauf erhobenen Lohnsteuer <\/strong><\/li>\n<li>der Versicherung, dass ihm der <strong>Pflichtveranlagungstatbestand<\/strong> (Steuererkl\u00e4rung) bekannt ist.<\/li>\n<\/ul>\n<p>Zudem muss der Arbeitgeber die Anwendung des permanenten Lohnsteuerjahresausgleichs beim <strong>Betriebsst\u00e4ttenfinanzamt beantragen.<\/strong><\/p>\n<p>______<\/p>\n<p>Sie haben entsprechende <strong>Abrechnungsf\u00e4lle im Bestand<\/strong> und m\u00f6chten sie <strong>mit edlohn abrechnen<\/strong>?<br \/>\nSuchen Sie bitte in der <a class=\"theme markdown__link\" href=\"https:\/\/edlohnhilfe.zendesk.com\/hc\/de\/\" target=\"_blank\" rel=\"noopener noreferrer\"><strong>edlohn Online-Hilfe<\/strong><\/a> mit dem Suchbegriff &#8222;permanenter Lohnsteuerjahresausgleich&#8220;.<\/p>\n","protected":false},"excerpt":{"rendered":"<p>Sonderregelung f\u00fcr kurzfristig Besch\u00e4ftigte mit Steuerklasse 6 entlastet die Arbeitnehmer<\/p>\n","protected":false},"author":35,"featured_media":0,"comment_status":"closed","ping_status":"closed","sticky":false,"template":"","format":"standard","meta":{"footnotes":""},"categories":[4],"tags":[],"class_list":["post-6802","post","type-post","status-publish","format-standard","hentry","category-news"],"_links":{"self":[{"href":"https:\/\/www.edlohn.de\/home\/wp-json\/wp\/v2\/posts\/6802","targetHints":{"allow":["GET"]}}],"collection":[{"href":"https:\/\/www.edlohn.de\/home\/wp-json\/wp\/v2\/posts"}],"about":[{"href":"https:\/\/www.edlohn.de\/home\/wp-json\/wp\/v2\/types\/post"}],"author":[{"embeddable":true,"href":"https:\/\/www.edlohn.de\/home\/wp-json\/wp\/v2\/users\/35"}],"replies":[{"embeddable":true,"href":"https:\/\/www.edlohn.de\/home\/wp-json\/wp\/v2\/comments?post=6802"}],"version-history":[{"count":5,"href":"https:\/\/www.edlohn.de\/home\/wp-json\/wp\/v2\/posts\/6802\/revisions"}],"predecessor-version":[{"id":6814,"href":"https:\/\/www.edlohn.de\/home\/wp-json\/wp\/v2\/posts\/6802\/revisions\/6814"}],"wp:attachment":[{"href":"https:\/\/www.edlohn.de\/home\/wp-json\/wp\/v2\/media?parent=6802"}],"wp:term":[{"taxonomy":"category","embeddable":true,"href":"https:\/\/www.edlohn.de\/home\/wp-json\/wp\/v2\/categories?post=6802"},{"taxonomy":"post_tag","embeddable":true,"href":"https:\/\/www.edlohn.de\/home\/wp-json\/wp\/v2\/tags?post=6802"}],"curies":[{"name":"wp","href":"https:\/\/api.w.org\/{rel}","templated":true}]}}