{"id":7928,"date":"2024-03-12T15:59:32","date_gmt":"2024-03-12T14:59:32","guid":{"rendered":"https:\/\/www.edlohn.de\/home\/?p=7928"},"modified":"2025-10-09T15:51:04","modified_gmt":"2025-10-09T13:51:04","slug":"edlohn-version-13-5-0-mit-neuen-funktionalitaeten","status":"publish","type":"post","link":"https:\/\/www.edlohn.de\/home\/news\/edlohn-version-13-5-0-mit-neuen-funktionalitaeten\/","title":{"rendered":"edlohn Version 13.5.0 mit neuen Funktionalit\u00e4ten"},"content":{"rendered":"<p>Nach dem <strong>positiv verlaufenen Pilotbetrieb<\/strong>, werden wir mit dem kommenden <strong>Update am 14.03.2024<\/strong> die neue Funktionalit\u00e4t <strong>\u201eAutomatisiertes Abrechnen\u201c<\/strong> allen Kunden zur Verf\u00fcgung stellen k\u00f6nnen.<br \/>\nBeachten Sie bitte hierzu auch unseren <a href=\"https:\/\/www.edlohn.de\/home\/news\/vollautomatische-abrechnung-von-abrufloehnen-mit-guter-vorbereitung-zeit-gespart\/\">Artikel vom 12.01.2024.<\/a><\/p>\n<p>Neben <strong>vielen weiteren n\u00fctzlichen Funktionalit\u00e4ten<\/strong> wurde auch der im Februar 2024 ver\u00f6ffentlichte <strong>aktualisierte Programmablaufplan <\/strong>in edlohn eingef\u00fcgt.<\/p>\n<p>In dem im November 2023 ver\u00f6ffentlichten Programmablaufplan waren bereits die Erh\u00f6hung des Grundfreibetrags sowie die Erh\u00f6hung des Kinderfreibetrags ber\u00fccksichtigt.<br \/>\nAber damals wurde bereits angek\u00fcndigt, dass es im Fr\u00fchjahr 2024 noch eine weitere Anpassung des Programmablaufs bez\u00fcglich der abschlagsberechtigten Kinder und des durchschnittlichen Zusatzbeitrages geben wird.<\/p>\n<p>Weitere <strong>ausf\u00fchrliche Informationen<\/strong> zu der Anpassung der Lohnsteuerberechnung, sowie zu allen <strong>weiteren Details<\/strong> der neuen Version finden Sie in unserer <a href=\"https:\/\/media.eurodata.de\/edlohn\/dokumente\/releaseinfos\/update_1350_14032024.pdf\" target=\"_blank\" rel=\"noopener\"><strong>Update-Info.<\/strong><\/a><\/p>\n<p>Hinweis:<\/p>\n<p>Wir m\u00f6chten auf unser <b>WEB-Seminar zur neuen Version <\/b>hinweisen. Monika Siebenlist stellte <strong>am 19.03.2024<\/strong><br \/>\num 10.00 Uhr die neuen Funktionen in edlohn vor.<\/p>\n<p><a href=\"https:\/\/media.eurodata.de\/edlohn\/videos\/programmerweiterung_edlohn_maerz_2024.mp4\" target=\"_blank\" rel=\"noopener\">Hier geht&#8217;s zur Aufzeichnung<\/a><\/p>\n","protected":false},"excerpt":{"rendered":"<p>Auslieferung der neuen Version am Donnerstag, den 14.03.2024<\/p>\n","protected":false},"author":18,"featured_media":0,"comment_status":"closed","ping_status":"closed","sticky":false,"template":"","format":"standard","meta":{"footnotes":""},"categories":[4,11],"tags":[],"class_list":["post-7928","post","type-post","status-publish","format-standard","hentry","category-news","category-update"],"_links":{"self":[{"href":"https:\/\/www.edlohn.de\/home\/wp-json\/wp\/v2\/posts\/7928","targetHints":{"allow":["GET"]}}],"collection":[{"href":"https:\/\/www.edlohn.de\/home\/wp-json\/wp\/v2\/posts"}],"about":[{"href":"https:\/\/www.edlohn.de\/home\/wp-json\/wp\/v2\/types\/post"}],"author":[{"embeddable":true,"href":"https:\/\/www.edlohn.de\/home\/wp-json\/wp\/v2\/users\/18"}],"replies":[{"embeddable":true,"href":"https:\/\/www.edlohn.de\/home\/wp-json\/wp\/v2\/comments?post=7928"}],"version-history":[{"count":8,"href":"https:\/\/www.edlohn.de\/home\/wp-json\/wp\/v2\/posts\/7928\/revisions"}],"predecessor-version":[{"id":9632,"href":"https:\/\/www.edlohn.de\/home\/wp-json\/wp\/v2\/posts\/7928\/revisions\/9632"}],"wp:attachment":[{"href":"https:\/\/www.edlohn.de\/home\/wp-json\/wp\/v2\/media?parent=7928"}],"wp:term":[{"taxonomy":"category","embeddable":true,"href":"https:\/\/www.edlohn.de\/home\/wp-json\/wp\/v2\/categories?post=7928"},{"taxonomy":"post_tag","embeddable":true,"href":"https:\/\/www.edlohn.de\/home\/wp-json\/wp\/v2\/tags?post=7928"}],"curies":[{"name":"wp","href":"https:\/\/api.w.org\/{rel}","templated":true}]}}